{"id":1539,"date":"2024-03-16T16:26:52","date_gmt":"2024-03-16T15:26:52","guid":{"rendered":"https:\/\/www.cempulik.eu\/shop\/?p=1539"},"modified":"2024-04-20T18:57:37","modified_gmt":"2024-04-20T16:57:37","slug":"tablica-pamiatkowa-deby-pamieci","status":"publish","type":"post","link":"https:\/\/www.cempulik.eu\/shop\/tablica-pamiatkowa-deby-pamieci\/","title":{"rendered":"D\u0119by pami\u0119ci"},"content":{"rendered":"\n<figure class=\"wp-block-image size-large\"><img decoding=\"async\" width=\"900\" height=\"727\" src=\"https:\/\/www.cempulik.eu\/shop\/wp-content\/uploads\/2024\/03\/deby_small-900x727.jpg\" alt=\"\" class=\"wp-image-1540\" srcset=\"https:\/\/www.cempulik.eu\/shop\/wp-content\/uploads\/2024\/03\/deby_small-900x727.jpg 900w, https:\/\/www.cempulik.eu\/shop\/wp-content\/uploads\/2024\/03\/deby_small-300x242.jpg 300w, https:\/\/www.cempulik.eu\/shop\/wp-content\/uploads\/2024\/03\/deby_small-768x621.jpg 768w, https:\/\/www.cempulik.eu\/shop\/wp-content\/uploads\/2024\/03\/deby_small-600x485.jpg 600w, https:\/\/www.cempulik.eu\/shop\/wp-content\/uploads\/2024\/03\/deby_small.jpg 1485w\" sizes=\"(max-width: 900px) 100vw, 900px\" \/><\/figure>\n\n\n\n<p><strong>Pami\u0119\u0107, kt\u00f3ra przetrwa wieki: Czarna granitowa tablica pami\u0105tkowa<\/strong><\/p>\n\n\n\n<p>W sercu naszej pracy le\u017cy pami\u0119\u0107 o tych, kt\u00f3rzy odeszli, ale kt\u00f3rych dokonania i po\u015bwi\u0119cenie pozostaj\u0105 z nami na zawsze. W tym duchu, z dum\u0105 prezentujemy nasz\u0105 najnowsz\u0105 realizacj\u0119 &#8211; granitow\u0105 tablic\u0119 pami\u0105tkow\u0105, dedykowan\u0105 dw\u00f3m wybitnym postaciom:&nbsp;<strong>Porucznikowi piechoty Zygmuntowi Hetperowi<\/strong>&nbsp;oraz&nbsp;<strong>Kapitanowi rezerwy piechoty Stanis\u0142awowi Albrechtowi<\/strong>.<\/p>\n\n\n\n<p>Wykonana z najwy\u017cszej jako\u015bci czarnego granitu, tablica ta stanowi ho\u0142d dla oficer\u00f3w broni\u0105cych kres\u00f3w Rzeczypospolitej, kt\u00f3rzy zostali zamordowani przez NKWD w 1940 roku. Ich imiona wyryte w kamieniu s\u0105 symbolem niez\u0142omno\u015bci i odwagi, a program \u201cOcali\u0107 od zapomnienia\u201d zapewnia, \u017ce ich pami\u0119\u0107 b\u0119dzie \u017cy\u0142a przez pokolenia.<\/p>\n\n\n\n<p><strong>Dlaczego granit?<\/strong>&nbsp;Granit to materia\u0142, kt\u00f3ry od wiek\u00f3w jest wybierany do tworzenia trwa\u0142ych i szlachetnych monument\u00f3w. Jego wytrzyma\u0142o\u015b\u0107 na dzia\u0142anie czynnik\u00f3w atmosferycznych oraz czasu sprawia, \u017ce jest idealnym wyborem dla tablic pami\u0105tkowych, kt\u00f3re maj\u0105 przetrwa\u0107 wieki.<\/p>\n\n\n\n<p><strong>Nasze zaanga\u017cowanie<\/strong>. Z pasj\u0105 podchodzimy do ka\u017cdego projektu, dbaj\u0105c o ka\u017cdy detal. Nasze tablice pami\u0105tkowe s\u0105 projektowane i wykonane z my\u015bl\u0105 o indywidualnych potrzebach i \u017cyczeniach klient\u00f3w, aby jak najlepiej odda\u0107 ho\u0142d tym, kt\u00f3rzy na to zas\u0142uguj\u0105.<\/p>\n\n\n\n<p>Zach\u0119camy do kontaktu z nami, aby dowiedzie\u0107 si\u0119 wi\u0119cej o naszych us\u0142ugach i tym, jak mo\u017cemy pom\u00f3c uczci\u0107 pami\u0119\u0107 bliskich w wyj\u0105tkowy spos\u00f3b.<\/p>\n","protected":false},"excerpt":{"rendered":"<p>Pami\u0119\u0107, kt\u00f3ra przetrwa wieki: Czarna granitowa tablica pami\u0105tkowa W sercu naszej pracy le\u017cy pami\u0119\u0107 o tych, kt\u00f3rzy odeszli, ale kt\u00f3rych dokonania i po\u015bwi\u0119cenie pozostaj\u0105 z nami na zawsze. W tym duchu, z dum\u0105 prezentujemy nasz\u0105 najnowsz\u0105 realizacj\u0119 &#8211; granitow\u0105 tablic\u0119 pami\u0105tkow\u0105, dedykowan\u0105 dw\u00f3m wybitnym postaciom:&nbsp;Porucznikowi piechoty Zygmuntowi Hetperowi&nbsp;oraz&nbsp;Kapitanowi rezerwy piechoty Stanis\u0142awowi Albrechtowi. Wykonana z najwy\u017cszej [&hellip;]<\/p>\n","protected":false},"author":1,"featured_media":1540,"comment_status":"open","ping_status":"open","sticky":false,"template":"","format":"standard","meta":{"site-sidebar-layout":"default","site-content-layout":"","ast-site-content-layout":"default","site-content-style":"default","site-sidebar-style":"default","ast-global-header-display":"","ast-banner-title-visibility":"","ast-main-header-display":"","ast-hfb-above-header-display":"","ast-hfb-below-header-display":"","ast-hfb-mobile-header-display":"","site-post-title":"","ast-breadcrumbs-content":"","ast-featured-img":"","footer-sml-layout":"","ast-disable-related-posts":"","theme-transparent-header-meta":"","adv-header-id-meta":"","stick-header-meta":"","header-above-stick-meta":"","header-main-stick-meta":"","header-below-stick-meta":"","astra-migrate-meta-layouts":"set","ast-page-background-enabled":"default","ast-page-background-meta":{"desktop":{"background-color":"var(--ast-global-color-4)","background-image":"","background-repeat":"repeat","background-position":"center center","background-size":"auto","background-attachment":"scroll","background-type":"","background-media":"","overlay-type":"","overlay-color":"","overlay-opacity":"","overlay-gradient":""},"tablet":{"background-color":"","background-image":"","background-repeat":"repeat","background-position":"center center","background-size":"auto","background-attachment":"scroll","background-type":"","background-media":"","overlay-type":"","overlay-color":"","overlay-opacity":"","overlay-gradient":""},"mobile":{"background-color":"","background-image":"","background-repeat":"repeat","background-position":"center center","background-size":"auto","background-attachment":"scroll","background-type":"","background-media":"","overlay-type":"","overlay-color":"","overlay-opacity":"","overlay-gradient":""}},"ast-content-background-meta":{"desktop":{"background-color":"var(--ast-global-color-5)","background-image":"","background-repeat":"repeat","background-position":"center center","background-size":"auto","background-attachment":"scroll","background-type":"","background-media":"","overlay-type":"","overlay-color":"","overlay-opacity":"","overlay-gradient":""},"tablet":{"background-color":"var(--ast-global-color-5)","background-image":"","background-repeat":"repeat","background-position":"center center","background-size":"auto","background-attachment":"scroll","background-type":"","background-media":"","overlay-type":"","overlay-color":"","overlay-opacity":"","overlay-gradient":""},"mobile":{"background-color":"var(--ast-global-color-5)","background-image":"","background-repeat":"repeat","background-position":"center center","background-size":"auto","background-attachment":"scroll","background-type":"","background-media":"","overlay-type":"","overlay-color":"","overlay-opacity":"","overlay-gradient":""}},"footnotes":""},"categories":[1],"tags":[],"class_list":["post-1539","post","type-post","status-publish","format-standard","has-post-thumbnail","hentry","category-wykonane-zamowienia"],"yoast_head":"<!-- This site is optimized with the Yoast SEO Premium plugin v26.7 (Yoast SEO v26.7) - https:\/\/yoast.com\/wordpress\/plugins\/seo\/ -->\n<title>D\u0119by pami\u0119ci - Producent Nagrobk\u00f3w dla Zwierz\u0105t | Tablice i Portrety Nagrobne<\/title>\n<meta name=\"description\" content=\"P\u0142yt\u0119 pami\u0105tkow\u0105 D\u0119by Pami\u0119ci wykonali\u015bmy z czarnego granitu. Ca\u0142o\u015b\u0107 usytuowana jest na ziemi, dolna cz\u0119\u015b\u0107 po\u0142\u0105czona jest z g\u00f3rn\u0105.\" \/>\n<meta name=\"robots\" content=\"index, follow, max-snippet:-1, max-image-preview:large, max-video-preview:-1\" \/>\n<link rel=\"canonical\" href=\"https:\/\/www.cempulik.eu\/shop\/tablica-pamiatkowa-deby-pamieci\/\" \/>\n<meta property=\"og:locale\" content=\"pl_PL\" \/>\n<meta property=\"og:type\" content=\"article\" \/>\n<meta property=\"og:title\" content=\"D\u0119by pami\u0119ci - Producent Nagrobk\u00f3w dla Zwierz\u0105t | Tablice i Portrety Nagrobne\" \/>\n<meta property=\"og:description\" content=\"P\u0142yt\u0119 pami\u0105tkow\u0105 D\u0119by Pami\u0119ci wykonali\u015bmy z czarnego granitu. Ca\u0142o\u015b\u0107 usytuowana jest na ziemi, dolna cz\u0119\u015b\u0107 po\u0142\u0105czona jest z g\u00f3rn\u0105.\" \/>\n<meta property=\"og:url\" content=\"https:\/\/www.cempulik.eu\/shop\/tablica-pamiatkowa-deby-pamieci\/\" \/>\n<meta property=\"og:site_name\" content=\"Producent Nagrobk\u00f3w dla Zwierz\u0105t | Tablice i Portrety Nagrobne\" \/>\n<meta property=\"article:publisher\" content=\"https:\/\/m.facebook.com\/profile.php?id=100063565541500&amp;_rdr\" \/>\n<meta property=\"article:published_time\" content=\"2024-03-16T15:26:52+00:00\" \/>\n<meta property=\"article:modified_time\" content=\"2024-04-20T16:57:37+00:00\" \/>\n<meta property=\"og:image\" content=\"https:\/\/www.cempulik.eu\/shop\/wp-content\/uploads\/2024\/03\/deby_small.jpg\" \/>\n\t<meta property=\"og:image:width\" content=\"1485\" \/>\n\t<meta property=\"og:image:height\" content=\"1200\" \/>\n\t<meta property=\"og:image:type\" content=\"image\/jpeg\" \/>\n<meta name=\"author\" content=\"lukasz\" \/>\n<meta name=\"twitter:card\" content=\"summary_large_image\" \/>\n<meta name=\"twitter:label1\" content=\"Napisane przez\" \/>\n\t<meta name=\"twitter:data1\" content=\"lukasz\" \/>\n\t<meta name=\"twitter:label2\" content=\"Szacowany czas czytania\" \/>\n\t<meta name=\"twitter:data2\" content=\"2 minuty\" \/>\n<script type=\"application\/ld+json\" class=\"yoast-schema-graph\">{\"@context\":\"https:\/\/schema.org\",\"@graph\":[{\"@type\":\"Article\",\"@id\":\"https:\/\/www.cempulik.eu\/shop\/tablica-pamiatkowa-deby-pamieci\/#article\",\"isPartOf\":{\"@id\":\"https:\/\/www.cempulik.eu\/shop\/tablica-pamiatkowa-deby-pamieci\/\"},\"author\":{\"name\":\"lukasz\",\"@id\":\"https:\/\/www.cempulik.eu\/shop\/#\/schema\/person\/ae02c46179f6e54d84a324fc7bcda820\"},\"headline\":\"D\u0119by pami\u0119ci\",\"datePublished\":\"2024-03-16T15:26:52+00:00\",\"dateModified\":\"2024-04-20T16:57:37+00:00\",\"mainEntityOfPage\":{\"@id\":\"https:\/\/www.cempulik.eu\/shop\/tablica-pamiatkowa-deby-pamieci\/\"},\"wordCount\":251,\"commentCount\":0,\"publisher\":{\"@id\":\"https:\/\/www.cempulik.eu\/shop\/#organization\"},\"image\":{\"@id\":\"https:\/\/www.cempulik.eu\/shop\/tablica-pamiatkowa-deby-pamieci\/#primaryimage\"},\"thumbnailUrl\":\"https:\/\/www.cempulik.eu\/shop\/wp-content\/uploads\/2024\/03\/deby_small.jpg\",\"articleSection\":[\"Galeria wykonanych prac\"],\"inLanguage\":\"pl-PL\",\"potentialAction\":[{\"@type\":\"CommentAction\",\"name\":\"Comment\",\"target\":[\"https:\/\/www.cempulik.eu\/shop\/tablica-pamiatkowa-deby-pamieci\/#respond\"]}],\"copyrightYear\":\"2024\",\"copyrightHolder\":{\"@id\":\"https:\/\/www.cempulik.eu\/shop\/#organization\"}},{\"@type\":\"WebPage\",\"@id\":\"https:\/\/www.cempulik.eu\/shop\/tablica-pamiatkowa-deby-pamieci\/\",\"url\":\"https:\/\/www.cempulik.eu\/shop\/tablica-pamiatkowa-deby-pamieci\/\",\"name\":\"D\u0119by pami\u0119ci - Producent Nagrobk\u00f3w dla Zwierz\u0105t | Tablice i Portrety Nagrobne\",\"isPartOf\":{\"@id\":\"https:\/\/www.cempulik.eu\/shop\/#website\"},\"primaryImageOfPage\":{\"@id\":\"https:\/\/www.cempulik.eu\/shop\/tablica-pamiatkowa-deby-pamieci\/#primaryimage\"},\"image\":{\"@id\":\"https:\/\/www.cempulik.eu\/shop\/tablica-pamiatkowa-deby-pamieci\/#primaryimage\"},\"thumbnailUrl\":\"https:\/\/www.cempulik.eu\/shop\/wp-content\/uploads\/2024\/03\/deby_small.jpg\",\"datePublished\":\"2024-03-16T15:26:52+00:00\",\"dateModified\":\"2024-04-20T16:57:37+00:00\",\"description\":\"P\u0142yt\u0119 pami\u0105tkow\u0105 D\u0119by Pami\u0119ci wykonali\u015bmy z czarnego granitu. Ca\u0142o\u015b\u0107 usytuowana jest na ziemi, dolna cz\u0119\u015b\u0107 po\u0142\u0105czona jest z g\u00f3rn\u0105.\",\"inLanguage\":\"pl-PL\",\"potentialAction\":[{\"@type\":\"ReadAction\",\"target\":[\"https:\/\/www.cempulik.eu\/shop\/tablica-pamiatkowa-deby-pamieci\/\"]}]},{\"@type\":\"ImageObject\",\"inLanguage\":\"pl-PL\",\"@id\":\"https:\/\/www.cempulik.eu\/shop\/tablica-pamiatkowa-deby-pamieci\/#primaryimage\",\"url\":\"https:\/\/www.cempulik.eu\/shop\/wp-content\/uploads\/2024\/03\/deby_small.jpg\",\"contentUrl\":\"https:\/\/www.cempulik.eu\/shop\/wp-content\/uploads\/2024\/03\/deby_small.jpg\",\"width\":1485,\"height\":1200},{\"@type\":\"WebSite\",\"@id\":\"https:\/\/www.cempulik.eu\/shop\/#website\",\"url\":\"https:\/\/www.cempulik.eu\/shop\/\",\"name\":\"Producent Nagrobk\u00f3w dla Zwierz\u0105t | Tablice i Portrety Nagrobne\",\"description\":\"\",\"publisher\":{\"@id\":\"https:\/\/www.cempulik.eu\/shop\/#organization\"},\"potentialAction\":[{\"@type\":\"SearchAction\",\"target\":{\"@type\":\"EntryPoint\",\"urlTemplate\":\"https:\/\/www.cempulik.eu\/shop\/?s={search_term_string}\"},\"query-input\":{\"@type\":\"PropertyValueSpecification\",\"valueRequired\":true,\"valueName\":\"search_term_string\"}}],\"inLanguage\":\"pl-PL\"},{\"@type\":[\"Organization\",\"Place\"],\"@id\":\"https:\/\/www.cempulik.eu\/shop\/#organization\",\"name\":\"Us\u0142ugi Kamieniarskie Cempulik Stanis\u0142aw\",\"url\":\"https:\/\/www.cempulik.eu\/shop\/\",\"logo\":{\"@id\":\"https:\/\/www.cempulik.eu\/shop\/tablica-pamiatkowa-deby-pamieci\/#local-main-organization-logo\"},\"image\":{\"@id\":\"https:\/\/www.cempulik.eu\/shop\/tablica-pamiatkowa-deby-pamieci\/#local-main-organization-logo\"},\"sameAs\":[\"https:\/\/m.facebook.com\/profile.php?id=100063565541500&_rdr\"],\"address\":{\"@id\":\"https:\/\/www.cempulik.eu\/shop\/tablica-pamiatkowa-deby-pamieci\/#local-main-place-address\"},\"telephone\":[\"+48698936157\"],\"contactPoint\":{\"@type\":\"ContactPoint\",\"telephone\":\"+48698936157\",\"email\":\"firma@cempulik.eu\"},\"openingHoursSpecification\":[{\"@type\":\"OpeningHoursSpecification\",\"dayOfWeek\":[\"Monday\",\"Tuesday\",\"Wednesday\",\"Thursday\",\"Friday\",\"Saturday\",\"Sunday\"],\"opens\":\"07:00\",\"closes\":\"16:00\"}],\"email\":\"firma@cempulik.eu\",\"taxID\":\"6261055842\"},{\"@type\":\"Person\",\"@id\":\"https:\/\/www.cempulik.eu\/shop\/#\/schema\/person\/ae02c46179f6e54d84a324fc7bcda820\",\"name\":\"lukasz\",\"sameAs\":[\"https:\/\/www.cempulik.eu\/shop\"],\"url\":\"https:\/\/www.cempulik.eu\/shop\/author\/lukasz\/\"},{\"@type\":\"PostalAddress\",\"@id\":\"https:\/\/www.cempulik.eu\/shop\/tablica-pamiatkowa-deby-pamieci\/#local-main-place-address\",\"streetAddress\":\"Drzewna 23\",\"addressLocality\":\"Bytom\",\"postalCode\":\"41-935\",\"addressRegion\":\"\u015al\u0105skie\",\"addressCountry\":\"PL\"},{\"@type\":\"ImageObject\",\"inLanguage\":\"pl-PL\",\"@id\":\"https:\/\/www.cempulik.eu\/shop\/tablica-pamiatkowa-deby-pamieci\/#local-main-organization-logo\",\"url\":\"https:\/\/www.cempulik.eu\/shop\/wp-content\/uploads\/2023\/02\/cropped-logo_footer__.png\",\"contentUrl\":\"https:\/\/www.cempulik.eu\/shop\/wp-content\/uploads\/2023\/02\/cropped-logo_footer__.png\",\"width\":512,\"height\":512,\"caption\":\"Us\u0142ugi Kamieniarskie Cempulik Stanis\u0142aw\"}]}<\/script>\n<meta name=\"geo.placename\" content=\"Bytom\" \/>\n<meta name=\"geo.region\" content=\"Polska\" \/>\n<!-- \/ Yoast SEO Premium plugin. -->","yoast_head_json":{"title":"D\u0119by pami\u0119ci - Producent Nagrobk\u00f3w dla Zwierz\u0105t | Tablice i Portrety Nagrobne","description":"P\u0142yt\u0119 pami\u0105tkow\u0105 D\u0119by Pami\u0119ci wykonali\u015bmy z czarnego granitu. Ca\u0142o\u015b\u0107 usytuowana jest na ziemi, dolna cz\u0119\u015b\u0107 po\u0142\u0105czona jest z g\u00f3rn\u0105.","robots":{"index":"index","follow":"follow","max-snippet":"max-snippet:-1","max-image-preview":"max-image-preview:large","max-video-preview":"max-video-preview:-1"},"canonical":"https:\/\/www.cempulik.eu\/shop\/tablica-pamiatkowa-deby-pamieci\/","og_locale":"pl_PL","og_type":"article","og_title":"D\u0119by pami\u0119ci - Producent Nagrobk\u00f3w dla Zwierz\u0105t | Tablice i Portrety Nagrobne","og_description":"P\u0142yt\u0119 pami\u0105tkow\u0105 D\u0119by Pami\u0119ci wykonali\u015bmy z czarnego granitu. Ca\u0142o\u015b\u0107 usytuowana jest na ziemi, dolna cz\u0119\u015b\u0107 po\u0142\u0105czona jest z g\u00f3rn\u0105.","og_url":"https:\/\/www.cempulik.eu\/shop\/tablica-pamiatkowa-deby-pamieci\/","og_site_name":"Producent Nagrobk\u00f3w dla Zwierz\u0105t | Tablice i Portrety Nagrobne","article_publisher":"https:\/\/m.facebook.com\/profile.php?id=100063565541500&_rdr","article_published_time":"2024-03-16T15:26:52+00:00","article_modified_time":"2024-04-20T16:57:37+00:00","og_image":[{"width":1485,"height":1200,"url":"https:\/\/www.cempulik.eu\/shop\/wp-content\/uploads\/2024\/03\/deby_small.jpg","type":"image\/jpeg"}],"author":"lukasz","twitter_card":"summary_large_image","twitter_misc":{"Napisane przez":"lukasz","Szacowany czas czytania":"2 minuty"},"schema":{"@context":"https:\/\/schema.org","@graph":[{"@type":"Article","@id":"https:\/\/www.cempulik.eu\/shop\/tablica-pamiatkowa-deby-pamieci\/#article","isPartOf":{"@id":"https:\/\/www.cempulik.eu\/shop\/tablica-pamiatkowa-deby-pamieci\/"},"author":{"name":"lukasz","@id":"https:\/\/www.cempulik.eu\/shop\/#\/schema\/person\/ae02c46179f6e54d84a324fc7bcda820"},"headline":"D\u0119by pami\u0119ci","datePublished":"2024-03-16T15:26:52+00:00","dateModified":"2024-04-20T16:57:37+00:00","mainEntityOfPage":{"@id":"https:\/\/www.cempulik.eu\/shop\/tablica-pamiatkowa-deby-pamieci\/"},"wordCount":251,"commentCount":0,"publisher":{"@id":"https:\/\/www.cempulik.eu\/shop\/#organization"},"image":{"@id":"https:\/\/www.cempulik.eu\/shop\/tablica-pamiatkowa-deby-pamieci\/#primaryimage"},"thumbnailUrl":"https:\/\/www.cempulik.eu\/shop\/wp-content\/uploads\/2024\/03\/deby_small.jpg","articleSection":["Galeria wykonanych prac"],"inLanguage":"pl-PL","potentialAction":[{"@type":"CommentAction","name":"Comment","target":["https:\/\/www.cempulik.eu\/shop\/tablica-pamiatkowa-deby-pamieci\/#respond"]}],"copyrightYear":"2024","copyrightHolder":{"@id":"https:\/\/www.cempulik.eu\/shop\/#organization"}},{"@type":"WebPage","@id":"https:\/\/www.cempulik.eu\/shop\/tablica-pamiatkowa-deby-pamieci\/","url":"https:\/\/www.cempulik.eu\/shop\/tablica-pamiatkowa-deby-pamieci\/","name":"D\u0119by pami\u0119ci - Producent Nagrobk\u00f3w dla Zwierz\u0105t | Tablice i Portrety Nagrobne","isPartOf":{"@id":"https:\/\/www.cempulik.eu\/shop\/#website"},"primaryImageOfPage":{"@id":"https:\/\/www.cempulik.eu\/shop\/tablica-pamiatkowa-deby-pamieci\/#primaryimage"},"image":{"@id":"https:\/\/www.cempulik.eu\/shop\/tablica-pamiatkowa-deby-pamieci\/#primaryimage"},"thumbnailUrl":"https:\/\/www.cempulik.eu\/shop\/wp-content\/uploads\/2024\/03\/deby_small.jpg","datePublished":"2024-03-16T15:26:52+00:00","dateModified":"2024-04-20T16:57:37+00:00","description":"P\u0142yt\u0119 pami\u0105tkow\u0105 D\u0119by Pami\u0119ci wykonali\u015bmy z czarnego granitu. Ca\u0142o\u015b\u0107 usytuowana jest na ziemi, dolna cz\u0119\u015b\u0107 po\u0142\u0105czona jest z g\u00f3rn\u0105.","inLanguage":"pl-PL","potentialAction":[{"@type":"ReadAction","target":["https:\/\/www.cempulik.eu\/shop\/tablica-pamiatkowa-deby-pamieci\/"]}]},{"@type":"ImageObject","inLanguage":"pl-PL","@id":"https:\/\/www.cempulik.eu\/shop\/tablica-pamiatkowa-deby-pamieci\/#primaryimage","url":"https:\/\/www.cempulik.eu\/shop\/wp-content\/uploads\/2024\/03\/deby_small.jpg","contentUrl":"https:\/\/www.cempulik.eu\/shop\/wp-content\/uploads\/2024\/03\/deby_small.jpg","width":1485,"height":1200},{"@type":"WebSite","@id":"https:\/\/www.cempulik.eu\/shop\/#website","url":"https:\/\/www.cempulik.eu\/shop\/","name":"Producent Nagrobk\u00f3w dla Zwierz\u0105t | Tablice i Portrety Nagrobne","description":"","publisher":{"@id":"https:\/\/www.cempulik.eu\/shop\/#organization"},"potentialAction":[{"@type":"SearchAction","target":{"@type":"EntryPoint","urlTemplate":"https:\/\/www.cempulik.eu\/shop\/?s={search_term_string}"},"query-input":{"@type":"PropertyValueSpecification","valueRequired":true,"valueName":"search_term_string"}}],"inLanguage":"pl-PL"},{"@type":["Organization","Place"],"@id":"https:\/\/www.cempulik.eu\/shop\/#organization","name":"Us\u0142ugi Kamieniarskie Cempulik Stanis\u0142aw","url":"https:\/\/www.cempulik.eu\/shop\/","logo":{"@id":"https:\/\/www.cempulik.eu\/shop\/tablica-pamiatkowa-deby-pamieci\/#local-main-organization-logo"},"image":{"@id":"https:\/\/www.cempulik.eu\/shop\/tablica-pamiatkowa-deby-pamieci\/#local-main-organization-logo"},"sameAs":["https:\/\/m.facebook.com\/profile.php?id=100063565541500&_rdr"],"address":{"@id":"https:\/\/www.cempulik.eu\/shop\/tablica-pamiatkowa-deby-pamieci\/#local-main-place-address"},"telephone":["+48698936157"],"contactPoint":{"@type":"ContactPoint","telephone":"+48698936157","email":"firma@cempulik.eu"},"openingHoursSpecification":[{"@type":"OpeningHoursSpecification","dayOfWeek":["Monday","Tuesday","Wednesday","Thursday","Friday","Saturday","Sunday"],"opens":"07:00","closes":"16:00"}],"email":"firma@cempulik.eu","taxID":"6261055842"},{"@type":"Person","@id":"https:\/\/www.cempulik.eu\/shop\/#\/schema\/person\/ae02c46179f6e54d84a324fc7bcda820","name":"lukasz","sameAs":["https:\/\/www.cempulik.eu\/shop"],"url":"https:\/\/www.cempulik.eu\/shop\/author\/lukasz\/"},{"@type":"PostalAddress","@id":"https:\/\/www.cempulik.eu\/shop\/tablica-pamiatkowa-deby-pamieci\/#local-main-place-address","streetAddress":"Drzewna 23","addressLocality":"Bytom","postalCode":"41-935","addressRegion":"\u015al\u0105skie","addressCountry":"PL"},{"@type":"ImageObject","inLanguage":"pl-PL","@id":"https:\/\/www.cempulik.eu\/shop\/tablica-pamiatkowa-deby-pamieci\/#local-main-organization-logo","url":"https:\/\/www.cempulik.eu\/shop\/wp-content\/uploads\/2023\/02\/cropped-logo_footer__.png","contentUrl":"https:\/\/www.cempulik.eu\/shop\/wp-content\/uploads\/2023\/02\/cropped-logo_footer__.png","width":512,"height":512,"caption":"Us\u0142ugi Kamieniarskie Cempulik Stanis\u0142aw"}]},"geo.placename":"Bytom","geo.region":"Polska"},"lang":"pl","translations":{"pl":1539},"pll_sync_post":[],"_links":{"self":[{"href":"https:\/\/www.cempulik.eu\/shop\/wp-json\/wp\/v2\/posts\/1539","targetHints":{"allow":["GET"]}}],"collection":[{"href":"https:\/\/www.cempulik.eu\/shop\/wp-json\/wp\/v2\/posts"}],"about":[{"href":"https:\/\/www.cempulik.eu\/shop\/wp-json\/wp\/v2\/types\/post"}],"author":[{"embeddable":true,"href":"https:\/\/www.cempulik.eu\/shop\/wp-json\/wp\/v2\/users\/1"}],"replies":[{"embeddable":true,"href":"https:\/\/www.cempulik.eu\/shop\/wp-json\/wp\/v2\/comments?post=1539"}],"version-history":[{"count":0,"href":"https:\/\/www.cempulik.eu\/shop\/wp-json\/wp\/v2\/posts\/1539\/revisions"}],"wp:featuredmedia":[{"embeddable":true,"href":"https:\/\/www.cempulik.eu\/shop\/wp-json\/wp\/v2\/media\/1540"}],"wp:attachment":[{"href":"https:\/\/www.cempulik.eu\/shop\/wp-json\/wp\/v2\/media?parent=1539"}],"wp:term":[{"taxonomy":"category","embeddable":true,"href":"https:\/\/www.cempulik.eu\/shop\/wp-json\/wp\/v2\/categories?post=1539"},{"taxonomy":"post_tag","embeddable":true,"href":"https:\/\/www.cempulik.eu\/shop\/wp-json\/wp\/v2\/tags?post=1539"}],"curies":[{"name":"wp","href":"https:\/\/api.w.org\/{rel}","templated":true}]}}